{"id":702,"__str__":"Parecer de Reda\u00e7\u00e3o - 2.\u00aa CCJR de 22/04/2020 por Comiss\u00e3o de Constitui\u00e7\u00e3o, Justi\u00e7a e Reda\u00e7\u00e3o","metadata":{},"nome":"2.\u00aa CCJR","data":"2020-04-22","autor":"Comiss\u00e3o de Constitui\u00e7\u00e3o, Justi\u00e7a e Reda\u00e7\u00e3o","ementa":"CRIA, na estrutura b\u00e1sica da Secretaria Municipal de Educa\u00e7\u00e3o, o Centro Integrado Municipal de Educa\u00e7\u00e3o (Cime).","indexacao":"","arquivo":"http://sapl.cmm.am.gov.br/media/sapl/public/documentoacessorio/2020/702/parecer_de_redacao_do_pl_098.2020__-_assinado.pdf","data_ultima_atualizacao":"2020-04-22T09:57:52.623704-04:00","materia":697,"tipo":11}