{"id":6947,"__str__":"Parecer da Procuradoria Legislativa - Procuradoria Legislativa de 06/11/2017 por Eduardo Ter\u00e7o Falc\u00e3o","metadata":{},"nome":"Procuradoria Legislativa","data":"2017-11-06","autor":"Eduardo Ter\u00e7o Falc\u00e3o","ementa":"","indexacao":"","arquivo":"http://sapl.cmm.am.gov.br/media/sapl/public/documentoacessorio/2018/6947/pl_165_2018_parecer_procuradoria.pdf","data_ultima_atualizacao":"2021-05-16T08:07:19.539057-04:00","materia":6898,"tipo":2}