{"id":6825,"__str__":"Parecer da Procuradoria Legislativa - Procuradoria Legislativa de 10/05/2017 por Eduardo Ter\u00e7o Falc\u00e3o","metadata":{},"nome":"Procuradoria Legislativa","data":"2017-05-10","autor":"Eduardo Ter\u00e7o Falc\u00e3o","ementa":"","indexacao":"","arquivo":"http://sapl.cmm.am.gov.br/media/sapl/public/documentoacessorio/2017/6825/pl_077_2017_parecer_procuradoria.pdf","data_ultima_atualizacao":"2021-05-12T07:43:02.938454-04:00","materia":6737,"tipo":2}