{"id":6614,"__str__":"Parecer da Procuradoria Legislativa - Procuradoria Legislativa de 06/05/2021 por Procuradoria Legislativa - Proc-Leg","metadata":{},"nome":"Procuradoria Legislativa","data":"2021-05-06","autor":"Procuradoria Legislativa - Proc-Leg","ementa":"PROJETO DE LEI QUE INSTITUI A SEMANA DO ARTESANATO RURAL \u2013 IMPRECIS\u00c3O EM SE ENTENDER A QUEM A LEI SER\u00c1 DIRIGIDA - FALHA NA T\u00c9CNICA DE REDA\u00c7\u00c3O LEGISLATIVA \u2013 FERIMENTO DO ART. 11 DA LC N. 95/98 \u2013 N\u00c3O TRAMITA\u00c7\u00c3O.","indexacao":"","arquivo":"http://sapl.cmm.am.gov.br/media/sapl/public/documentoacessorio/2021/6614/pl_097-2021-semana_do_artesanato_rural.pdf","data_ultima_atualizacao":"2021-05-06T07:53:21.274404-04:00","materia":4873,"tipo":2}