{"id":660,"__str__":"Of\u00edcio - Divis\u00e3o de Controle e Edi\u00e7\u00e3o de Leis de 18/04/2020 por Divis\u00e3o de Controle e Edi\u00e7\u00e3o de Leis","metadata":{},"nome":"Divis\u00e3o de Controle e Edi\u00e7\u00e3o de Leis","data":"2020-04-18","autor":"Divis\u00e3o de Controle e Edi\u00e7\u00e3o de Leis","ementa":"INSTITUI o Dia Municipal de Conscientiza\u00e7\u00e3o sobre a Esclerose M\u00faltipla.","indexacao":"","arquivo":"http://sapl.cmm.am.gov.br/media/sapl/public/documentoacessorio/2019/660/of._013_-_pl_280_19_-_ver._elias_emanuel_-_print.pdf","data_ultima_atualizacao":"2020-04-18T16:56:34.771303-04:00","materia":599,"tipo":12}