{"id":65032,"__str__":"Of\u00edcio - DvLEI de 20/05/2026 por Divis\u00e3o de Leis","metadata":{},"nome":"DvLEI","data":"2026-05-20","autor":"Divis\u00e3o de Leis","ementa":"DISP\u00d5E sobre a prote\u00e7\u00e3o do direito \u00e0 educa\u00e7\u00e3o das pessoas com defici\u00eancia nas institui\u00e7\u00f5es privadas de ensino localizadas no munic\u00edpio de Manaus e d\u00e1 outras disposi\u00e7\u00f5es. Sendo o referido veto rejeitado","indexacao":"","arquivo":"http://sapl.cmm.am.gov.br/media/sapl/public/documentoacessorio/2026/65032/of_n_050_2026_ciencia_veto_total_004_2026_pl_029_2025_rejeitado_assinado.pdf","data_ultima_atualizacao":"2026-05-20T11:55:25.392738-04:00","materia":52655,"tipo":12}