{"id":64634,"__str__":"Parecer do (a) Relator (a) - Parecer do (a) Relator (a) de 08/04/2026 por ROSIVALDO CORDOVIL","metadata":{},"nome":"Parecer do (a) Relator (a)","data":"2026-04-08","autor":"ROSIVALDO CORDOVIL","ementa":"DISP\u00d5E sobre a cria\u00e7\u00e3o, no \u00e2mbito da C\u00e2mara Municipal de Manaus, da Frente Parlamentar em Apoio \u00e0 Redu\u00e7\u00e3o de Acidentes de Tr\u00e2nsito e d\u00e1 outras provid\u00eancias.","indexacao":"","arquivo":"http://sapl.cmm.am.gov.br/media/sapl/public/documentoacessorio/2025/64634/pr_014_2025_rodrigo_sa__frente_parlamentar_reducao_de_acidentes_de_transito.pdf.ass.pdf","data_ultima_atualizacao":"2026-04-13T11:14:31.914705-04:00","materia":51638,"tipo":1}