{"id":64628,"__str__":"Of\u00edcio - DvLEI de 10/04/2026 por Divis\u00e3o de Leis","metadata":{},"nome":"DvLEI","data":"2026-04-10","autor":"Divis\u00e3o de Leis","ementa":"INSTITUI o Dia do Motorista de Transporte Escolar no munic\u00edpio de Manaus e d\u00e1 outras provid\u00eancias","indexacao":"","arquivo":"http://sapl.cmm.am.gov.br/media/sapl/public/documentoacessorio/2025/64628/of_n_028_2026_pl_n_171_2025_ver_jaildo_oliveira_assinado.pdf","data_ultima_atualizacao":"2026-04-10T14:20:30.538233-04:00","materia":51456,"tipo":12}