{"id":64627,"__str__":"Parecer de Reda\u00e7\u00e3o - 2\u00aa CCJR de 10/04/2026 por 2\u00aa Comiss\u00e3o de Constitui\u00e7\u00e3o, Justi\u00e7a e Reda\u00e7\u00e3o","metadata":{},"nome":"2\u00aa CCJR","data":"2026-04-10","autor":"2\u00aa Comiss\u00e3o de Constitui\u00e7\u00e3o, Justi\u00e7a e Reda\u00e7\u00e3o","ementa":"INSTITUI o Dia do Motorista de Transporte Escolar no munic\u00edpio de Manaus e d\u00e1 outras provid\u00eancias","indexacao":"","arquivo":"http://sapl.cmm.am.gov.br/media/sapl/public/documentoacessorio/2025/64627/parecer_de_redacao_do_pl_171_2025_jaildo_oliveira.pdf","data_ultima_atualizacao":"2026-04-10T14:21:28.016023-04:00","materia":51456,"tipo":11}