{"id":64565,"__str__":"Memorando - Retirada de tramita\u00e7\u00e3o de 08/04/2026 por Ver. Jo\u00e3o Paulo Janj\u00e3o","metadata":{},"nome":"Retirada de tramita\u00e7\u00e3o","data":"2026-04-08","autor":"Ver. Jo\u00e3o Paulo Janj\u00e3o","ementa":"","indexacao":"","arquivo":"http://sapl.cmm.am.gov.br/media/sapl/public/documentoacessorio/2025/64565/memorando_053-2026_gvjpj-cmm_-retirada_de_tramitacao_pl.pdf","data_ultima_atualizacao":"2026-04-08T09:07:00.252197-04:00","materia":51383,"tipo":20}