{"id":64426,"__str__":"Parecer de Reda\u00e7\u00e3o - 2\u00aa CCJR de 19/03/2026 por 2\u00aa Comiss\u00e3o de Constitui\u00e7\u00e3o, Justi\u00e7a e Reda\u00e7\u00e3o","metadata":{},"nome":"2\u00aa CCJR","data":"2026-03-19","autor":"2\u00aa Comiss\u00e3o de Constitui\u00e7\u00e3o, Justi\u00e7a e Reda\u00e7\u00e3o","ementa":"DISP\u00d5E sobre a inclus\u00e3o de informa\u00e7\u00f5es sobre os sintomas do Transtorno do Espectro Autista (TEA) na carteira de vacina\u00e7\u00e3o e d\u00e1 outras provid\u00eancias","indexacao":"","arquivo":"http://sapl.cmm.am.gov.br/media/sapl/public/documentoacessorio/2024/64426/parecer_de_redacao_do_pl_98_2024_capitao_carpe.pdf","data_ultima_atualizacao":"2026-03-19T11:59:22.593106-04:00","materia":50797,"tipo":11}