{"id":64422,"__str__":"Of\u00edcio - DvLEI de 19/03/2026 por Divis\u00e3o de Leis","metadata":{},"nome":"DvLEI","data":"2026-03-19","autor":"Divis\u00e3o de Leis","ementa":"DISP\u00d5E sobre a prote\u00e7\u00e3o do direito \u00e0 educa\u00e7\u00e3o das pessoas com defici\u00eancia nas institui\u00e7\u00f5es privadas de ensino localizadas no munic\u00edpio de Manaus e d\u00e1 outras disposi\u00e7\u00f5es.","indexacao":"","arquivo":"http://sapl.cmm.am.gov.br/media/sapl/public/documentoacessorio/2025/64422/of_n_011_2026_pl_n_029_2025_ver_marco_cartilhos_assinado.pdf","data_ultima_atualizacao":"2026-03-19T11:53:17.904859-04:00","materia":51295,"tipo":12}