{"id":64362,"__str__":"Parecer do (a) Relator (a) - Parecer do (a) Relator (a) de 13/03/2026 por DR. EDUARDO ASSIS","metadata":{},"nome":"Parecer do (a) Relator (a)","data":"2026-03-13","autor":"DR. EDUARDO ASSIS","ementa":"VETO TOTAL n\u00ba 001/2026 ao Projeto de Lei n\u00ba 133/2025, de autoria do Vereador Jaildo de Oliveira Silva que \u201cALTERA e acrescenta dispositivos ao art. 8. \u00b0 e ao art. 21 da Lei n. 2.898, de 09 de junho de 2022, que \u201cDisp\u00f5e sobre os Servi\u00e7os de Transporte P\u00fablico Coletivo de Passageiros no Munic\u00edpio de Manaus\u201d. 2\u00aa CCJR","indexacao":"","arquivo":"http://sapl.cmm.am.gov.br/media/sapl/public/documentoacessorio/2026/64362/parecer_ccjr_vt_001_2026.pdf","data_ultima_atualizacao":"2026-03-13T10:07:12.708215-04:00","materia":52289,"tipo":1}