{"id":64177,"__str__":"Protocolo da PMM - PMM de 20/02/2026 por Prefeitura de Manaus","metadata":{},"nome":"PMM","data":"2026-02-20","autor":"Prefeitura de Manaus","ementa":"INSTITUI o Dia Municipal do Educador da zona Rural no \u00e2mbito do munic\u00edpio de Manaus e d\u00e1 outras provid\u00eancias","indexacao":"","arquivo":"http://sapl.cmm.am.gov.br/media/sapl/public/documentoacessorio/2025/64177/protocolo_pmm_of_n_003_2026_pl_n_289_2025_ver_eduardo_alfaia_assinado.pdf","data_ultima_atualizacao":"2026-02-20T13:14:33.587125-04:00","materia":51586,"tipo":27}