{"id":64172,"__str__":"Parecer de Reda\u00e7\u00e3o - 2\u00aa CCJR de 20/02/2026 por 2\u00aa Comiss\u00e3o de Constitui\u00e7\u00e3o, Justi\u00e7a e Reda\u00e7\u00e3o","metadata":{},"nome":"2\u00aa CCJR","data":"2026-02-20","autor":"2\u00aa Comiss\u00e3o de Constitui\u00e7\u00e3o, Justi\u00e7a e Reda\u00e7\u00e3o","ementa":": INSTITUI, no \u00e2mbito do munic\u00edpio de Manaus, o M\u00eas da Escola B\u00edblica de F\u00e9rias.","indexacao":"","arquivo":"http://sapl.cmm.am.gov.br/media/sapl/public/documentoacessorio/2024/64172/parecer_de_redacao_do_pl_167_2024_joao_carlos.pdf","data_ultima_atualizacao":"2026-02-20T13:11:23.746575-04:00","materia":50872,"tipo":11}