{"id":64140,"__str__":"Parecer da Procuradoria Legislativa - Parecer T\u00e9cnico-Jur\u00eddico de 04/02/2026 por Procuradoria Legislativa","metadata":{},"nome":"Parecer T\u00e9cnico-Jur\u00eddico","data":"2026-02-04","autor":"Procuradoria Legislativa","ementa":"","indexacao":"","arquivo":"http://sapl.cmm.am.gov.br/media/sapl/public/documentoacessorio/2025/64140/parecer_procuradoria_pl_490_2025_ver._marcelo_serafim.pdf","data_ultima_atualizacao":"2026-02-04T12:33:37.010634-04:00","materia":51813,"tipo":2}