{"id":64099,"__str__":"Parecer de Reda\u00e7\u00e3o - 2\u00aa CCJR de 17/12/2025 por 2\u00aa Comiss\u00e3o de Constitui\u00e7\u00e3o, Justi\u00e7a e Reda\u00e7\u00e3o","metadata":{},"nome":"2\u00aa CCJR","data":"2025-12-17","autor":"2\u00aa Comiss\u00e3o de Constitui\u00e7\u00e3o, Justi\u00e7a e Reda\u00e7\u00e3o","ementa":"INSTITUI a Semana Municipal de Educa\u00e7\u00e3o Midi\u00e1tica e d\u00e1 outras provid\u00eancias.","indexacao":"","arquivo":"http://sapl.cmm.am.gov.br/media/sapl/public/documentoacessorio/2022/64099/parecer_de_redacao_do_pl_305_2022_prof_samuel.pdf","data_ultima_atualizacao":"2025-12-17T10:52:20.942311-04:00","materia":32580,"tipo":11}