{"id":63363,"__str__":"Parecer da Comiss\u00e3o - 3\u00aaCFEO de 12/11/2025 por 3\u00aaCFEO","metadata":{},"nome":"3\u00aaCFEO","data":"2025-11-12","autor":"3\u00aaCFEO","ementa":"INSTITUI o Dia Municipal de Conscientiza\u00e7\u00e3o sobre a Fissura Labiopalatina no munic\u00edpio de Manaus e d\u00e1 outras provid\u00eancias.","indexacao":"","arquivo":"http://sapl.cmm.am.gov.br/media/sapl/public/documentoacessorio/2025/63363/parecer_3a_pl_011_2025.pdf","data_ultima_atualizacao":"2025-11-12T16:57:55.945871-04:00","materia":51273,"tipo":9}