{"id":63206,"__str__":"Of\u00edcio - DvLEI de 29/10/2025 por Divis\u00e3o de Leis","metadata":{},"nome":"DvLEI","data":"2025-10-29","autor":"Divis\u00e3o de Leis","ementa":"CRIA, na estrutura b\u00e1sica da Rede P\u00fablica Municipal de Ensino de Manaus, a Creche Municipal Judy Cristine Cardoso Silva e d\u00e1 outras provid\u00eancias","indexacao":"","arquivo":"http://sapl.cmm.am.gov.br/media/sapl/public/documentoacessorio/2025/63206/of_n_136_2025_pl_n_483_2025_executivo_municipal_assinado.pdf","data_ultima_atualizacao":"2025-10-29T08:20:24.962856-04:00","materia":51806,"tipo":12}