{"id":62865,"__str__":"Parecer do (a) Relator (a) - Parecer do (a) Relator (a) de 01/10/2025 por RODINEI RAMOS","metadata":{},"nome":"Parecer do (a) Relator (a)","data":"2025-10-01","autor":"RODINEI RAMOS","ementa":"Parecer Favor\u00e1vel da 9\u00aa Comiss\u00e3o de Cultura e Patrim\u00f4nio Hist\u00f3rico referente ao PL n\u00ba 39/2025 de autoria do vereador Marcos Castilho (\u201cInstitui e inclui no Calend\u00e1rio Oficial do Munic\u00edpio de Manaus a Corrida Maria de F\u00e1tima, em alus\u00e3o ao Dia Nacional da Pessoa com Defici\u00eancia\u201d)","indexacao":"","arquivo":"http://sapl.cmm.am.gov.br/media/sapl/public/documentoacessorio/2025/62865/assinado_-_parecer_pl_39-2025.pdf","data_ultima_atualizacao":"2025-10-01T12:32:36.991396-04:00","materia":51305,"tipo":1}