{"id":62780,"__str__":"Parecer da Procuradoria Legislativa - Parecer T\u00e9cnico Jur\u00eddico de 25/09/2025 por Procuradoria Legislativa","metadata":{},"nome":"Parecer T\u00e9cnico Jur\u00eddico","data":"2025-09-25","autor":"Procuradoria Legislativa","ementa":"","indexacao":"","arquivo":"http://sapl.cmm.am.gov.br/media/sapl/public/documentoacessorio/2025/62780/parecer_procuradoria_pl_411_2025_ver._eurico_tavares.pdf","data_ultima_atualizacao":"2025-09-25T10:10:44.738314-04:00","materia":51718,"tipo":2}