{"id":6278,"__str__":"Parecer da Comiss\u00e3o - 2\u00aa CCJR de 19/05/2021 por PROF.\u00aa JACQUELINE","metadata":{},"nome":"2\u00aa CCJR","data":"2021-05-19","autor":"PROF.\u00aa JACQUELINE","ementa":"Projeto de Lei n\u00ba 080/2021, de autoria do Vereador Fransu\u00e1 Institui \u201ca Semana Municipal da Conscientiza\u00e7\u00e3o e Preven\u00e7\u00e3o \u00e0 Aliena\u00e7\u00e3o Parental e d\u00e1 outras provid\u00eancias\u201d no \u00e2mbito do munic\u00edpio de Manaus.\u201d","indexacao":"","arquivo":"http://sapl.cmm.am.gov.br/media/sapl/public/documentoacessorio/2021/6278/parecer_ccjr_pl_080_2021.pdf","data_ultima_atualizacao":"2021-05-19T12:40:23.466253-04:00","materia":4565,"tipo":9}