{"id":62754,"__str__":"Parecer de Reda\u00e7\u00e3o - 2\u00aa CCJR de 24/09/2025 por 2\u00aa Comiss\u00e3o de Constitui\u00e7\u00e3o, Justi\u00e7a e Reda\u00e7\u00e3o","metadata":{},"nome":"2\u00aa CCJR","data":"2025-09-24","autor":"2\u00aa Comiss\u00e3o de Constitui\u00e7\u00e3o, Justi\u00e7a e Reda\u00e7\u00e3o","ementa":"DISP\u00d5E sobre a cria\u00e7\u00e3o do Programa de Fortalecimento da Sa\u00fade Mental e do Enfrentamento \u00e0 Viol\u00eancia Psicol\u00f3gica entre Mulheres (Wollying), na cidade de Manaus e d\u00e1 outras provid\u00eancias","indexacao":"","arquivo":"http://sapl.cmm.am.gov.br/media/sapl/public/documentoacessorio/2024/62754/parecer_de_redacao_do_pl_117_2024_diego_afonso.pdf","data_ultima_atualizacao":"2025-09-24T08:51:14.807783-04:00","materia":50816,"tipo":11}