{"id":62739,"__str__":"Parecer do (a) Relator (a) - Parecer do (a) Relator (a) de 23/09/2025 por DR. EDUARDO ASSIS","metadata":{},"nome":"Parecer do (a) Relator (a)","data":"2025-09-23","autor":"DR. EDUARDO ASSIS","ementa":"PROJETO DE LEI: N\u00b0 055/2025 - de autoria do Vereador Coronel Rosses, que \u201cInstitui, no Calend\u00e1rio Oficial da Cidade de Manaus, o Dia Municipal do Internacionalista, a ser comemorado no dia 26 de setembro, e d\u00e1 outras provid\u00eancia\u201d. 2\u00aa CCJR","indexacao":"","arquivo":"http://sapl.cmm.am.gov.br/media/sapl/public/documentoacessorio/2025/62739/parecer_ccjr_pl_055_2025_ver_rosses_.pdf","data_ultima_atualizacao":"2025-09-23T15:25:08.396777-04:00","materia":51322,"tipo":1}