{"id":62677,"__str__":"Emenda - Emenda de 22/09/2025 por CAPIT\u00c3O CARP\u00ca","metadata":{},"nome":"Emenda","data":"2025-09-22","autor":"CAPIT\u00c3O CARP\u00ca","ementa":"EMENDA MODIFICATIVA N. 01 AO PROJETO DE LEI N.038/2025, de autoria do Vereador Capit\u00e3o Carp\u00ea, que ALTERA o Art. 2\u00ba do Projeto de Lei n. 038/2025 de 17 de fevereiro de 2025, que disp\u00f5e sobre a autoriza\u00e7\u00e3o do uso da nomenclatura \u201cmanteiga\u201d para produtos vegetais no munic\u00edpio de Manaus.","indexacao":"","arquivo":"http://sapl.cmm.am.gov.br/media/sapl/public/documentoacessorio/2025/62677/emenda_modificativa_n._01_ao_projeto_de_lei_n.0382025.pdf","data_ultima_atualizacao":"2025-09-22T10:14:05.856989-04:00","materia":51304,"tipo":13}