{"id":62638,"__str__":"Of\u00edcio - DvLEI de 16/09/2025 por Divis\u00e3o de Leis","metadata":{},"nome":"DvLEI","data":"2025-09-16","autor":"Divis\u00e3o de Leis","ementa":"INSTITUI a Semana Municipal de Conscientiza\u00e7\u00e3o sobre o Uso da Internet por Crian\u00e7as e Adolescentes no Munic\u00edpio de Manaus e d\u00e1 outras provid\u00eancias","indexacao":"","arquivo":"http://sapl.cmm.am.gov.br/media/sapl/public/documentoacessorio/2022/62638/of_n_110_2025_pl_n_290_2022_ver_rosinaldo_bual_assinado.pdf","data_ultima_atualizacao":"2025-09-16T10:45:58.035411-04:00","materia":31709,"tipo":12}