{"id":62532,"__str__":"Parecer da Procuradoria Legislativa - Parecer T\u00e9cnico-Jur\u00eddico de 11/09/2025 por Procuradoria Legislativa","metadata":{},"nome":"Parecer T\u00e9cnico-Jur\u00eddico","data":"2025-09-11","autor":"Procuradoria Legislativa","ementa":"","indexacao":"","arquivo":"http://sapl.cmm.am.gov.br/media/sapl/public/documentoacessorio/2025/62532/parecer_procuradoria_pl_164_2024_ver._aldenor_lima.pdf","data_ultima_atualizacao":"2025-09-11T09:24:10.544787-04:00","materia":51443,"tipo":2}