{"id":62490,"__str__":"Parecer do (a) Relator (a) - Parecer do (a) Relator (a) de 08/09/2025 por MARCELO SERAFIM","metadata":{},"nome":"Parecer do (a) Relator (a)","data":"2025-09-08","autor":"MARCELO SERAFIM","ementa":"PARECER AO PROJETO DE LEI N.\u00ba 483/2025, de iniciativa do Executivo Municipal, que Cria, na estrutura b\u00e1sica da Rede P\u00fablica Municipal de Ensino de Manaus, a Creche Municipal Judy Cristine Cardoso Silva, e d\u00e1 outras provid\u00eancias. Mensagem n.\u00ba 73/2025.","indexacao":"","arquivo":"http://sapl.cmm.am.gov.br/media/sapl/public/documentoacessorio/2025/62490/parecer_3a_483_2025.pdf","data_ultima_atualizacao":"2025-09-09T10:49:38.068230-04:00","materia":51806,"tipo":1}