{"id":62441,"__str__":"Parecer do (a) Relator (a) - Parecer do (a) Relator (a) de 26/08/2025 por MARCELO SERAFIM","metadata":{},"nome":"Parecer do (a) Relator (a)","data":"2025-08-26","autor":"MARCELO SERAFIM","ementa":"PARECER AO PROJETO DE LEI COMPLEMENTAR N.\u00ba 002/2025, de iniciativa do Vereador Capit\u00e3o Carp\u00ea, que \u201cAltera o artigo 5\u00ba da Lei Complementar n.\u00ba 16/2021, que disp\u00f5e sobre o Estatuto da Guarda Municipal de Manaus e d\u00e1 outras provid\u00eancias\u201d.","indexacao":"","arquivo":"http://sapl.cmm.am.gov.br/media/sapl/public/documentoacessorio/2025/62441/parecer_3a_pr_002_2025.docx","data_ultima_atualizacao":"2025-09-02T12:22:11.250637-04:00","materia":51257,"tipo":1}