{"id":62411,"__str__":"Of\u00edcio - DvLEI de 01/09/2025 por Divis\u00e3o de Leis","metadata":{},"nome":"DvLEI","data":"2025-09-01","autor":"Divis\u00e3o de Leis","ementa":"DISP\u00d5E sobre a institui\u00e7\u00e3o da Semana Municipal de Conscientiza\u00e7\u00e3o sobre a Carga Tribut\u00e1ria no munic\u00edpio de Manaus e d\u00e1 outras provid\u00eancias.","indexacao":"","arquivo":"http://sapl.cmm.am.gov.br/media/sapl/public/documentoacessorio/2024/62411/of_n_100_2025_pl_n_387_2024_ver_rosivaldo_cordovil_assinado.pdf","data_ultima_atualizacao":"2025-09-01T11:38:16.509626-04:00","materia":51131,"tipo":12}