{"id":62410,"__str__":"Parecer de Reda\u00e7\u00e3o - 2\u00aa CCJR de 01/09/2025 por 2\u00aa Comiss\u00e3o de Constitui\u00e7\u00e3o, Justi\u00e7a e Reda\u00e7\u00e3o","metadata":{},"nome":"2\u00aa CCJR","data":"2025-09-01","autor":"2\u00aa Comiss\u00e3o de Constitui\u00e7\u00e3o, Justi\u00e7a e Reda\u00e7\u00e3o","ementa":"DISP\u00d5E sobre a institui\u00e7\u00e3o da Semana Municipal de Conscientiza\u00e7\u00e3o sobre a Carga Tribut\u00e1ria no munic\u00edpio de Manaus e d\u00e1 outras provid\u00eancias.","indexacao":"","arquivo":"http://sapl.cmm.am.gov.br/media/sapl/public/documentoacessorio/2024/62410/parecer_de_redacao_do_pl_387_2024_rosivaldocordovil.pdf","data_ultima_atualizacao":"2025-09-01T11:37:25.946293-04:00","materia":51131,"tipo":11}