{"id":62358,"__str__":"Emenda - Emenda de 25/08/2025 por CORONEL ROSSES","metadata":{},"nome":"Emenda","data":"2025-08-25","autor":"CORONEL ROSSES","ementa":"DISP\u00d5E sobre o Programa de Parcerias P\u00fablico-Privadas do Munic\u00edpio de Manaus \u2014 Programa \u2014 PPP/Manaus, e d\u00e1 outras provid\u00eancias. Mensagem n. 27/2025.","indexacao":"","arquivo":"http://sapl.cmm.am.gov.br/media/sapl/public/documentoacessorio/2025/62358/emenda.pl282_2025.pdf","data_ultima_atualizacao":"2025-08-25T12:07:01.648737-04:00","materia":51576,"tipo":13}