{"id":62319,"__str__":"Parecer do (a) Relator (a) - Parecer do (a) Relator (a) de 19/08/2025 por DR. EDUARDO ASSIS","metadata":{},"nome":"Parecer do (a) Relator (a)","data":"2025-08-19","autor":"DR. EDUARDO ASSIS","ementa":"PROJETO DE LEI: N\u00b0 081/2025 de autoria do Vereador Ivo Neto, que \u201cDISP\u00d5E sobre a divulga\u00e7\u00e3o dos n\u00fameros de emerg\u00eancia nas faturas das concession\u00e1rias de servi\u00e7os p\u00fablicos em atua\u00e7\u00e3o no Munic\u00edpio de Manaus e d\u00e1 outras provid\u00eancias\u201d. 2\u00aa CCJR","indexacao":"","arquivo":"http://sapl.cmm.am.gov.br/media/sapl/public/documentoacessorio/2025/62319/parecer_ccjr_pl_081_2025__ver_ivo_camara_digital.pdf","data_ultima_atualizacao":"2025-08-21T13:25:41.749317-04:00","materia":51353,"tipo":1}