{"id":62221,"__str__":"Parecer de Reda\u00e7\u00e3o - 2\u00aa CCJR de 20/08/2025 por 2\u00aa Comiss\u00e3o de Constitui\u00e7\u00e3o, Justi\u00e7a e Reda\u00e7\u00e3o","metadata":{},"nome":"2\u00aa CCJR","data":"2025-08-20","autor":"2\u00aa Comiss\u00e3o de Constitui\u00e7\u00e3o, Justi\u00e7a e Reda\u00e7\u00e3o","ementa":"ALTERA a Se\u00e7\u00e3o VIII, do Cap\u00edtulo III, do T\u00edtulo III da Lei Org\u00e2nica do Munic\u00edpio de Manaus, e d\u00e1 outras provid\u00eancias.","indexacao":"","arquivo":"http://sapl.cmm.am.gov.br/media/sapl/public/documentoacessorio/2025/62221/parecer_de_redacao_do_pel_006_2025_executivo.pdf","data_ultima_atualizacao":"2025-08-20T09:15:33.623112-04:00","materia":51268,"tipo":11}