{"id":62207,"__str__":"Parecer da Procuradoria Legislativa - Parecer T\u00e9cnico-Jur\u00eddico de 19/08/2025 por Procuradoria Legislativa","metadata":{},"nome":"Parecer T\u00e9cnico-Jur\u00eddico","data":"2025-08-19","autor":"Procuradoria Legislativa","ementa":"","indexacao":"","arquivo":"http://sapl.cmm.am.gov.br/media/sapl/public/documentoacessorio/2025/62207/parecer_procuradoria_pl_079_2025_ver._rodrigo_sa.pdf","data_ultima_atualizacao":"2025-08-19T09:40:50.348593-04:00","materia":51351,"tipo":2}