{"id":62180,"__str__":"Of\u00edcio - DvLEI de 18/08/2025 por Divis\u00e3o de Leis","metadata":{},"nome":"DvLEI","data":"2025-08-18","autor":"Divis\u00e3o de Leis","ementa":"INSTITUI, a \u201cCampanha Sem Pl\u00e1stico\u201d no Calend\u00e1rio Oficial da cidade de Manaus, na segunda semana de julho","indexacao":"","arquivo":"http://sapl.cmm.am.gov.br/media/sapl/public/documentoacessorio/2022/62180/of_n_089_2025_pl_n_203_2022_ver_rosinaldo_bual_assinado.pdf","data_ultima_atualizacao":"2025-08-18T09:09:23.048493-04:00","materia":29022,"tipo":12}