{"id":62131,"__str__":"Certid\u00e3o de Vota\u00e7\u00e3o - 3\u00aa CFEO de 13/08/2025 por 3\u00aa CFEO","metadata":{},"nome":"3\u00aa CFEO","data":"2025-08-13","autor":"3\u00aa CFEO","ementa":"DISP\u00d5E sobre a cria\u00e7\u00e3o, no \u00e2mbito da C\u00e2mara Municipal de Manaus, da Frente Parlamentar em Defesa da Pessoa com Transtorno do Espectro Autista e de Outras Pessoas At\u00edpicas.","indexacao":"","arquivo":"http://sapl.cmm.am.gov.br/media/sapl/public/documentoacessorio/2025/62131/certidao_3a_pr_010_2025.pdf","data_ultima_atualizacao":"2025-08-13T14:32:00.278899-04:00","materia":51485,"tipo":25}