{"id":6213,"__str__":"Emenda - COMTICDETRE de 20/04/2021 por WILLIAM ALEM\u00c3O","metadata":{},"nome":"COMTICDETRE","data":"2021-04-20","autor":"WILLIAM ALEM\u00c3O","ementa":"DISP\u00d5E sobre a obrigatoriedade de supermercados, hipermercados e atacad\u00f5es, possu\u00edrem carrinho de compras adaptados \u00e0s pessoas com defici\u00eancia no \u00e2mbito do munic\u00edpio de Manaus, e d\u00e1 outras provid\u00eancias.","indexacao":"","arquivo":"http://sapl.cmm.am.gov.br/media/sapl/public/documentoacessorio/2019/6213/emenda_ao__pl_279-2019__10a_comticdetre_assinada.pdf","data_ultima_atualizacao":"2021-04-22T07:45:54.684791-04:00","materia":1600,"tipo":13}