{"id":6193,"__str__":"Parecer da Comiss\u00e3o - 2\u00aa CCJR de 16/05/2022 por DR. EDUARDO ASSIS","metadata":{},"nome":"2\u00aa CCJR","data":"2022-05-16","autor":"DR. EDUARDO ASSIS","ementa":"PROJETO DE LEI: N\u00b0 066/2021 de autoria do Vereador Wallace Oliveira que \u201cDISP\u00d5E sobre a prioridade dos trabalhadores da educa\u00e7\u00e3o, em campanhas de imuniza\u00e7\u00e3o no \u00e2mbito de Manaus e d\u00e1 outras provid\u00eancias\u201d.","indexacao":"","arquivo":"http://sapl.cmm.am.gov.br/media/sapl/public/documentoacessorio/2021/6193/pl_066_2021_ver_wallace_1.pdf","data_ultima_atualizacao":"2022-05-17T08:57:39.912690-04:00","materia":4283,"tipo":9}