{"id":6191,"__str__":"Parecer da Comiss\u00e3o - 2\u00aa CCJR de 05/05/2021 por DR. EDUARDO ASSIS","metadata":{},"nome":"2\u00aa CCJR","data":"2021-05-05","autor":"DR. EDUARDO ASSIS","ementa":"PROJETO DE LEI: N\u00b0 031/2021 de autoria do Vereador Jo\u00e3o Carlos que \u201cAUTORIZA a utiliza\u00e7\u00e3o dos valores constantes de Fundos Municipais para a\u00e7\u00f5es de indiv\u00edduos em estado e risco de vulnerabilidade social no Munic\u00edpio de Manaus, enquanto perdurar a Situa\u00e7\u00e3o Emergencial em Sa\u00fade P\u00fablica provocada pela pandemia do COVID-19\u201d.","indexacao":"","arquivo":"http://sapl.cmm.am.gov.br/media/sapl/public/documentoacessorio/2021/6191/parecer_ccjr_031_2021.pdf","data_ultima_atualizacao":"2021-05-05T14:00:20.817215-04:00","materia":3864,"tipo":9}