{"id":6190,"__str__":"Parecer de Vista - Comiss\u00e3o - 2\u00aa CCJR de 14/04/2021 por DR. EDUARDO ASSIS","metadata":{},"nome":"2\u00aa CCJR","data":"2021-04-14","autor":"DR. EDUARDO ASSIS","ementa":"PROJETO DE LEI: N\u00b0 018/2021 de autoria do Vereador Marcel Alexandre que \u201cAPLICA san\u00e7\u00e3o pelo descumprimento da ordem de vacina\u00e7\u00e3o dos grupos priorit\u00e1rios, de acordo com a fase cronol\u00f3gica definida no Plano do Estado do Amazonas de Operacionaliza\u00e7\u00e3o da Vacina\u00e7\u00e3o contra a COVID-19 no munic\u00edpio de Manaus\u201d.","indexacao":"","arquivo":"http://sapl.cmm.am.gov.br/media/sapl/public/documentoacessorio/2021/6190/pl_018_2021_ver_marcel_alexandre.pdf","data_ultima_atualizacao":"2021-04-15T07:27:26.519664-04:00","materia":3665,"tipo":4}