{"id":61849,"__str__":"Parecer da Comiss\u00e3o - Parecer da Comiss\u00e3o de 07/07/2025 por DIONE CARVALHO","metadata":{},"nome":"Parecer da Comiss\u00e3o","data":"2025-07-07","autor":"DIONE CARVALHO","ementa":"Projeto de Lei - PL n\u00ba 132/2025 - de autoria do Vereador Eduardo Alfaia, que CONSIDERA de Utilidade P\u00fablica o Instituto Ver Bem Amazonas \u2013 IVBA.","indexacao":"","arquivo":"http://sapl.cmm.am.gov.br/media/sapl/public/documentoacessorio/2025/61849/parecer_11comissao_pl132_2025.pdf","data_ultima_atualizacao":"2025-07-07T12:03:37.099678-04:00","materia":51409,"tipo":9}