{"id":61795,"__str__":"Parecer da Procuradoria Legislativa - Parecer T\u00e9cnico-Jur\u00eddico de 03/07/2025 por Procuradoria Legislativa","metadata":{},"nome":"Parecer T\u00e9cnico-Jur\u00eddico","data":"2025-07-03","autor":"Procuradoria Legislativa","ementa":"","indexacao":"","arquivo":"http://sapl.cmm.am.gov.br/media/sapl/public/documentoacessorio/2025/61795/parecer_procuradoria_pl_223_2025_ver._rodinei_ramos.pdf","data_ultima_atualizacao":"2025-07-03T09:11:08.980478-04:00","materia":51514,"tipo":2}