{"id":61662,"__str__":"Emenda - EMENDA 002 de 26/06/2025 por MARCO CASTILHOS","metadata":{},"nome":"EMENDA 002","data":"2025-06-26","autor":"MARCO CASTILHOS","ementa":"Modifica-se o Anexo I do Projeto de Lei n\u00ba 281/2025, referente ao Artigo 2\u00ba, Par\u00e1grafo 1\u00ba, inciso I, para incluir, no eixo estrat\u00e9gico de Educa\u00e7\u00e3o B\u00e1sica e Profissional, a seguinte prioridade:","indexacao":"","arquivo":"http://sapl.cmm.am.gov.br/media/sapl/public/documentoacessorio/2025/61662/emenda_002_ldo_2025_ver._marco_castilho.pdf","data_ultima_atualizacao":"2025-06-27T11:03:02.519864-04:00","materia":51575,"tipo":13}