{"id":61572,"__str__":"Protocolo da PMM - PMM de 23/06/2025 por Prefeitura de Manaus","metadata":{},"nome":"PMM","data":"2025-06-23","autor":"Prefeitura de Manaus","ementa":"\u201cFIXA o \u00edndice de reajuste dos contratados sob o Regime da Consolida\u00e7\u00e3o das Leis Trabalhistas (CLT) e d\u00e1 outras provid\u00eancias","indexacao":"","arquivo":"http://sapl.cmm.am.gov.br/media/sapl/public/documentoacessorio/2025/61572/protocolo_pmm_of_n_062_2025_pl_n_345_2025.pdf","data_ultima_atualizacao":"2025-06-23T11:32:34.681397-04:00","materia":51648,"tipo":27}