{"id":61532,"__str__":"Parecer de Reda\u00e7\u00e3o - 2\u00aa CCJR de 23/06/2025 por 2\u00aa Comiss\u00e3o de Constitui\u00e7\u00e3o, Justi\u00e7a e Reda\u00e7\u00e3o","metadata":{},"nome":"2\u00aa CCJR","data":"2025-06-23","autor":"2\u00aa Comiss\u00e3o de Constitui\u00e7\u00e3o, Justi\u00e7a e Reda\u00e7\u00e3o","ementa":"FIXA o \u00edndice de reajuste dos contratados sob o Regime da Consolida\u00e7\u00e3o das Leis Trabalhistas (CLT) e d\u00e1 outras provid\u00eancias","indexacao":"","arquivo":"http://sapl.cmm.am.gov.br/media/sapl/public/documentoacessorio/2025/61532/parecer_de_redacao_do_pl_345_2025.pdf","data_ultima_atualizacao":"2025-06-23T09:18:48.493590-04:00","materia":51648,"tipo":11}