{"id":6133,"__str__":"Parecer da Comiss\u00e3o - 2\u00ba CCJR de 12/04/2021 por BESSA","metadata":{},"nome":"2\u00ba CCJR","data":"2021-04-12","autor":"BESSA","ementa":"INSTITUI no calend\u00e1rio oficial de Manaus o dia em Homenagem \u00e0s V\u00edtimas da Covid-19.","indexacao":"","arquivo":"http://sapl.cmm.am.gov.br/media/sapl/public/documentoacessorio/2021/6133/parecer_ccjr_pl_078_2021__.pdf","data_ultima_atualizacao":"2021-04-15T06:53:56.328554-04:00","materia":4560,"tipo":9}