{"id":61173,"__str__":"Parecer da Comiss\u00e3o - Parecer da Comiss\u00e3o de 04/06/2025 por Z\u00c9 RICARDO","metadata":{},"nome":"Parecer da Comiss\u00e3o","data":"2025-06-04","autor":"Z\u00c9 RICARDO","ementa":"PARECER AO PROJETO DE LEI N. 203/ 2022, de autoria do vereador Rosivaldo Ferreira da Silva, que INSTITUI a \u201cCampanha Sem Pl\u00e1stico\u201d no Calend\u00e1rio Oficial da cidade de Manaus, na segunda semana de julho.","indexacao":"","arquivo":"http://sapl.cmm.am.gov.br/media/sapl/public/documentoacessorio/2022/61173/parecer_projeto_sem_plasticos1.pdf","data_ultima_atualizacao":"2025-06-05T09:38:04.381382-04:00","materia":29022,"tipo":9}