{"id":61159,"__str__":"Emenda - Emenda de 03/06/2025 por Z\u00c9 RICARDO","metadata":{},"nome":"Emenda","data":"2025-06-03","autor":"Z\u00c9 RICARDO","ementa":"ACRESCENTA ao Art. 3\u00ba, altera\u00e7\u00e3o do par\u00e1grafo 4\u00b0, do PL que INSTITUI sistema de cotas raciais nos concursos p\u00fablicos realizados pela C\u00e2mara Municipal de Manaus para provimento de cargos efetivos e d\u00e1 outras provid\u00eancias.","indexacao":"","arquivo":"http://sapl.cmm.am.gov.br/media/sapl/public/documentoacessorio/2025/61159/emenda_pl_288.pdf","data_ultima_atualizacao":"2025-06-03T14:49:21.807236-04:00","materia":51585,"tipo":13}