{"id":60975,"__str__":"Emenda - Emenda 02 de 16/05/2025 por ALDENOR LIMA","metadata":{},"nome":"Emenda 02","data":"2025-05-16","autor":"ALDENOR LIMA","ementa":"Emenda Modificativa ao Projeto de Lei n\u00b0 394/2024, de autoria do Vereador Marcelo Serafim, que \u201cDISP\u00d5E sobre a obrigatoriedade de mesas adaptadas para cadeirantes em estabelecimentos comerciais e de servi\u00e7os no munic\u00edpio de Manaus e d\u00e1 outras provid\u00eancias.\u201d","indexacao":"","arquivo":"http://sapl.cmm.am.gov.br/media/sapl/public/documentoacessorio/2024/60975/parecer_vista_-_pl_394-2024.pdf","data_ultima_atualizacao":"2025-05-19T16:45:06.890640-04:00","materia":51141,"tipo":13}